{"id":9777,"date":"2025-12-30T18:37:29","date_gmt":"2025-12-30T11:37:29","guid":{"rendered":"https:\/\/bongda.4vcq.com\/index.php\/2025\/12\/30\/vong-8-bundesliga-bayern-munich-thang-dam-leverkusen-de-tim-lai-chinh-minh\/"},"modified":"2025-12-30T18:37:29","modified_gmt":"2025-12-30T11:37:29","slug":"vong-8-bundesliga-bayern-munich-thang-dam-leverkusen-de-tim-lai-chinh-minh","status":"publish","type":"post","link":"https:\/\/bongda.4vcq.com\/index.php\/2025\/12\/30\/vong-8-bundesliga-bayern-munich-thang-dam-leverkusen-de-tim-lai-chinh-minh\/","title":{"rendered":"V\u00f2ng 8 Bundesliga: Bayern Munich th\u1eafng \u0111\u1eadm Leverkusen \u0111\u1ec3 \u201ct\u00ecm l\u1ea1i ch\u00ednh m\u00ecnh\u201d"},"content":{"rendered":"<p>Th\u1ec3 thao\/Qu\u1ed1c t\u1ebf<\/p>\n<p>                Chia s\u1ebb<br \/>\n                Th\u1ee9 b\u1ea3y, 01\/10\/2022 &#8211; 09:00Theo d\u00f5i B\u00e1o Qu\u00e2n \u0111\u1ed9i nh\u00e2n d\u00e2n tr\u00ean <\/p>\n<p>                V\u00f2ng 8 Bundesliga: Bayern Munich th\u1eafng \u0111\u1eadm Leverkusen \u0111\u1ec3 \u201ct\u00ecm l\u1ea1i ch\u00ednh m\u00ecnh\u201d<\/p>\n<p>                S\u00e1ng 1-10, trong khu\u00f4n kh\u1ed5 lo\u1ea1t tr\u1eadn \u0111\u00e1 s\u1edbm thu\u1ed9c v\u00f2ng 8 Bundesliga, Bayern Munich th\u1eafng thuy\u1ebft ph\u1ee5c khi \u0111\u00f3n ti\u1ebfp Leverkusen \u0111\u1ec3 b\u00e1o hi\u1ec7u ch\u00ednh th\u1ee9c tr\u1edf l\u1ea1i \u0111\u01b0\u1eddng \u0111ua b\u1ea3o v\u1ec7 ng\u00f4i v\u00f4 \u0111\u1ecbch gi\u1ea3i qu\u1ed1c n\u1ed9i \u0110\u1ee9c.<\/p>\n<p>                Tr\u01b0\u1edbc khi t\u1ea1m ngh\u1ec9 v\u00e0o d\u1ecbp FIFA Days, Bayern Munich thi \u0111\u1ea5u kh\u00f4ng t\u1ed1t t\u1ea1i Bundesliga v\u1edbi 4 tr\u1eadn li\u00ean ti\u1ebfp kh\u00f4ng th\u1eafng, khi\u1ebfn \u201cH\u00f9m x\u00e1m\u201d ch\u1ec9 \u0111\u1ee9ng th\u1ee9 5 tr\u00ean b\u1ea3ng x\u1ebfp h\u1ea1ng v\u1edbi 12 \u0111i\u1ec3m sau 7 tr\u1eadn. \u0110\u00e2y l\u00e0 m\u1ed9t trong nh\u1eefng m\u00e0n kh\u1edfi \u0111\u1ea7u t\u1ed3i t\u1ec7 nh\u1ea5t trong l\u1ecbch s\u1eed \u0111\u1ed9i b\u00f3ng x\u1ee9 Bavaria.<br \/>\nD\u1eabu v\u1eady, kh\u1ea3 n\u0103ng Bayern Munich th\u1eafng v\u1eabn ho\u00e0n to\u00e0n c\u00f3 c\u01a1 s\u1edf b\u1edfi \u0111\u1ed1i th\u1ee7 c\u1ee7a h\u1ecd l\u00e0 Leverkusen c\u0169ng \u0111ang suy y\u1ebfu tr\u1ea7m tr\u1ecdng. \u0110\u1ed9i b\u00f3ng m\u00f9a tr\u01b0\u1edbc c\u00f2n n\u1eb1m trong Top 4 Bundesliga th\u00ec gi\u1edd m\u1edbi ki\u1ebfm \u0111\u01b0\u1ee3c v\u1ecfn v\u1eb9n 5 \u0111i\u1ec3m sau 7 v\u00f2ng, ch\u1ec9 h\u01a1n nh\u00f3m c\u1ea7m \u0111\u00e8n \u0111\u1ecf v\u1ec1 ch\u1ec9 s\u1ed1 b\u00e0n th\u1eafng-thua.<\/p>\n<p> Bayern Munich ho\u00e0n to\u00e0n v\u01b0\u1ee3t tr\u1ed9i h\u01a1n so v\u1edbi\u00a0Leverkusen. \u1ea2nh:\u00a0Telesport<br \/>\n Ngay sau h\u1ed3i c\u00f2i khai cu\u1ed9c, v\u1edbi l\u1ee3i th\u1ebf s\u00e2n nh\u00e0 v\u00e0 quy\u1ebft t\u00e2m gi\u00e0nh 3 \u0111i\u1ec3m tr\u1ecdn v\u1eb9n, \u0111o\u00e0n qu\u00e2n c\u1ee7a HLV Julian Nagelsmann kh\u00f4ng ng\u1ea7n ng\u1ea1i d\u00e2ng cao \u0111\u1ed9i h\u00ecnh v\u00e0 s\u1edbm c\u00f3 \u0111\u01b0\u1ee3c b\u00e0n th\u1eafng. Theo \u0111\u00f3, ngay ph\u00fat th\u1ee9 3, t\u1eeb \u0111\u01b0\u1eddng chuy\u1ec1n b\u00ean c\u00e1nh ph\u1ea3i c\u1ee7a Jamal Musiala, Leroy Sane kh\u1ed1ng ch\u1ebf b\u00f3ng r\u1ed3i d\u1ee9t \u0111i\u1ec3m \u0111\u01b0a b\u00f3ng ch\u1ea1m ch\u00e2n m\u1ed9t c\u1ea7u th\u1ee7 Leverkusen bay v\u00e0o l\u01b0\u1edbi \u0111\u1ec3 m\u1edf t\u1ef7 s\u1ed1 tr\u1eadn \u0111\u1ea5u.<br \/>\nCh\u1ec9 ch\u01b0a \u0111\u1ea7y 15 ph\u00fat sau, Jamal Musiala l\u1ea1i t\u1ecfa s\u00e1ng v\u1edbi c\u00fa s\u00fat quy\u1ebft \u0111o\u00e1n v\u00e0o g\u00f3c g\u1ea7n \u0111\u1ec3 nh\u00e2n \u0111\u00f4i c\u00e1ch bi\u1ec7t cho nh\u00e0 \u0111\u01b0\u01a1ng kim v\u00f4 \u0111\u1ecbch gi\u1ea3i \u0111\u1ea5u n\u00e0y.<br \/>\n\u0110\u1ebfn cu\u1ed1i hi\u1ec7p 1, \u0111\u1ed9i ch\u1ee7 s\u00e2n Allianz Arena c\u00f3 b\u00e0n th\u1eafng th\u1ee9 3 khi t\u00e2n binh Sadio Mane l\u1eadp c\u00f4ng v\u1edbi c\u00fa d\u1ee9t \u0111i\u1ec3m nh\u1eb9 nh\u01b0ng hi\u1ec3m h\u00f3c t\u1eeb s\u00e1t m\u00e9p v\u00f2ng c\u1ea5m, b\u00f3ng kh\u1ebd ch\u1ea1m ch\u00e2n Robert Andrich r\u1ed3i \u0111i v\u00e0o l\u01b0\u1edbi.<\/p>\n<p> Bayern Munich th\u1eafng Leverkusen m\u1ed9t c\u00e1ch thuy\u1ebft ph\u1ee5c \u0111\u1ec3 tr\u1edf l\u1ea1i cu\u1ed9c \u0111ua b\u1ea3o v\u1ec7 ng\u00f4i v\u01b0\u01a1ng Bundesliga. \u1ea2nh:\u00a0Telesport<\/p>\n<p> Sau gi\u1edd ngh\u1ec9 gi\u1eefa hi\u1ec7p, Bayern Munich v\u1eabn duy tr\u00ec th\u1ebf tr\u1eadn l\u1ea5n l\u01b0\u1edbt tr\u01b0\u1edbc c\u00e1c h\u1ecdc tr\u00f2 c\u1ee7a HLV Gerardo Seoane. Ph\u00fat 56, Sadio Mane l\u1ea7n th\u1ee9 2 \u0111\u01b0a \u0111\u01b0\u1ee3c b\u00f3ng v\u00e0o l\u01b0\u1edbi c\u1ee7a Leverkusen nh\u01b0ng tr\u1ecdng t\u00e0i \u0111\u00e3 tham kh\u1ea3o VAR v\u00e0 kh\u00f4ng c\u00f4ng nh\u1eadn pha l\u1eadp c\u00f4ng n\u00e0y do Matthijs de Ligt \u0111\u00e3 ph\u1ea1m l\u1ed7i v\u1edbi\u00a0Odilon Kossounou.<br \/>\nCu\u1ed1i c\u00f9ng, ph\u1ea3i t\u1edbi ph\u00fat 84 th\u00ec c\u1ed5 \u0111\u1ed9ng vi\u00ean Bayern Munich m\u1edbi ti\u1ebfp t\u1ee5c \u0111\u01b0\u1ee3c \u0103n m\u1eebng sau khi Thomas\u00a0Muller t\u1eadn d\u1ee5ng sai l\u1ea7m c\u1ee7a th\u1ee7 th\u00e0nh Lukas Hradecky \u0111\u1ec3 \u0111\u01b0a b\u00f3ng v\u00e0o g\u00f4n tr\u1ed1ng, qua \u0111\u00f3 \u1ea5n \u0111\u1ecbnh chi\u1ebfn th\u1eafng 4-0 cho \u201cH\u00f9m x\u00e1m\u201d.<br \/>\nChung cu\u1ed9c, vi\u1ec7c Bayern Munich th\u1eafng \u0111\u1eadm\u00a0Leverkusen gi\u00fap h\u1ecd c\u1eaft \u0111\u1ee9t chu\u1ed7i ng\u00e0y kh\u1ee7ng ho\u1ea3ng t\u1ea1i Bundesliga v\u00e0 t\u1ea1m th\u1eddi chi\u1ebfm ng\u00f4i nh\u00ec b\u1ea3ng c\u1ee7a \u0111\u1ea1i k\u00ecnh \u0111\u1ecbch Dortmund v\u1edbi c\u00f9ng 15 \u0111i\u1ec3m nh\u01b0 \u0111\u1ed1i th\u1ee7 nh\u01b0ng t\u1ed1t h\u01a1n v\u1ec1 hi\u1ec7u s\u1ed1 b\u00e0n th\u1eafng thua.<\/p>\n<p> Clip c\u00e1c di\u1ec5n bi\u1ebfn ch\u00ednh c\u1ee7a tr\u1eadn \u0111\u1ea5u. Ngu\u1ed3n: ON Sports News<br \/>\n \u0110\u1ed9i h\u00ecnh xu\u1ea5t ph\u00e1t:<br \/>\nBayern Munich: Manuel Neuer, Benjamin Pavard, Dayot Upamecano, Matthijs de Ligt, Alphonso Davies, Joshua Kimmich, Marcel Sabitzer, Leroy Sane, Thomas Muller, Jamal Musiala, Sadio Mane<br \/>\nLeverkusen: Lukas Hradecky, Odilon Kossounou, Jonathan Tah, Edmond Tapsoba, Mitchel Bakker, Robert Andrich, Kerem Demirbay, Jeremie Frimpong, Callum Hudson-Odoi, Moussa Diaby, Patrik Schick<br \/>\nB\u1ea3ng x\u1ebfp h\u1ea1ng<\/p>\n<p> TR\u1ea6N ANH<\/p>\n<p>            L\u1ecbch thi \u0111\u1ea5u b\u00f3ng \u0111\u00e1 ch\u00e2u \u00c2u cu\u1ed1i tu\u1ea7n n\u00e0yCu\u1ed1i tu\u1ea7n n\u00e0y, l\u1ecbch thi \u0111\u1ea5u c\u00e1c gi\u1ea3i b\u00f3ng \u0111\u00e1 l\u1edbn t\u1ea1i ch\u00e2u \u00c2u bao g\u1ed3m Ngo\u1ea1i h\u1ea1ng Anh, Serie A, Bundesliga, La Liga v\u00e0 Ligue 1.V\u01b0\u1ee3t qua B\u1ed3 \u0110\u00e0o Nha, T\u00e2y Ban Nha gi\u00e0nh v\u00e9 ch\u01a1i b\u00e1n k\u1ebft UEFA Nations LeagueS\u00e1ng 28-9, T\u00e2y Ban Nha gi\u00e0nh chi\u1ebfn th\u1eafng t\u1ed1i thi\u1ec3u tr\u01b0\u1edbc B\u1ed3 \u0110\u00e0o Nha \u0111\u1ec3 v\u01b0\u01a1n l\u00ean ng\u00f4i \u0111\u1ea7u b\u1ea3ng A2 UEFA Nations League, qua \u0111\u00f3 ghi t\u00ean m\u00ecnh l\u00ean t\u1ea5m v\u00e9 cu\u1ed1i c\u00f9ng v\u00e0o v\u00f2ng b\u00e1n k\u1ebft UEFA Nations League 2022-2023.L\u1ecbch thi \u0111\u1ea5u c\u1ee7a \u0111\u1ed9i tuy\u1ec3n futsal Vi\u1ec7t Nam t\u1ea1i V\u00f2ng chung k\u1ebft ch\u00e2u \u00c1C\u1eadp nh\u1eadt l\u1ecbch thi \u0111\u1ea5u, l\u1ecbch tr\u1ef1c ti\u1ebfp c\u1ee7a \u0111\u1ed9i tuy\u1ec3n futsal Vi\u1ec7t Nam t\u1ea1i V\u00f2ng chung k\u1ebft Gi\u1ea3i futsal ch\u00e2u \u00c1 2022.<\/p>\n","protected":false},"excerpt":{"rendered":"<p>Th\u1ec3 thao\/Qu\u1ed1c t\u1ebf Chia s\u1ebb Th\u1ee9 b\u1ea3y, 01\/10\/2022 &#8211; 09:00Theo d\u00f5i B\u00e1o Qu\u00e2n \u0111\u1ed9i nh\u00e2n d\u00e2n tr\u00ean V\u00f2ng 8 Bundesliga: Bayern Munich th\u1eafng \u0111\u1eadm Leverkusen \u0111\u1ec3 \u201ct\u00ecm l\u1ea1i ch\u00ednh m\u00ecnh\u201d S\u00e1ng 1-10, trong khu\u00f4n kh\u1ed5 lo\u1ea1t tr\u1eadn \u0111\u00e1 s\u1edbm thu\u1ed9c v\u00f2ng 8 Bundesliga, Bayern Munich th\u1eafng thuy\u1ebft ph\u1ee5c khi \u0111\u00f3n ti\u1ebfp Leverkusen \u0111\u1ec3 b\u00e1o hi\u1ec7u [&hellip;]<\/p>\n","protected":false},"author":1,"featured_media":9778,"comment_status":"open","ping_status":"closed","sticky":false,"template":"","format":"standard","meta":{"footnotes":""},"categories":[2],"tags":[4879],"class_list":["post-9777","post","type-post","status-publish","format-standard","has-post-thumbnail","hentry","category-quoc-te","tag-tu-khoa-bayern-munich-thangbundesligaduong-kim-vo-dichket-qua-bong-daket-qua-hom-naybong-da-chau-au"],"_links":{"self":[{"href":"https:\/\/bongda.4vcq.com\/index.php\/wp-json\/wp\/v2\/posts\/9777","targetHints":{"allow":["GET"]}}],"collection":[{"href":"https:\/\/bongda.4vcq.com\/index.php\/wp-json\/wp\/v2\/posts"}],"about":[{"href":"https:\/\/bongda.4vcq.com\/index.php\/wp-json\/wp\/v2\/types\/post"}],"author":[{"embeddable":true,"href":"https:\/\/bongda.4vcq.com\/index.php\/wp-json\/wp\/v2\/users\/1"}],"replies":[{"embeddable":true,"href":"https:\/\/bongda.4vcq.com\/index.php\/wp-json\/wp\/v2\/comments?post=9777"}],"version-history":[{"count":0,"href":"https:\/\/bongda.4vcq.com\/index.php\/wp-json\/wp\/v2\/posts\/9777\/revisions"}],"wp:featuredmedia":[{"embeddable":true,"href":"https:\/\/bongda.4vcq.com\/index.php\/wp-json\/wp\/v2\/media\/9778"}],"wp:attachment":[{"href":"https:\/\/bongda.4vcq.com\/index.php\/wp-json\/wp\/v2\/media?parent=9777"}],"wp:term":[{"taxonomy":"category","embeddable":true,"href":"https:\/\/bongda.4vcq.com\/index.php\/wp-json\/wp\/v2\/categories?post=9777"},{"taxonomy":"post_tag","embeddable":true,"href":"https:\/\/bongda.4vcq.com\/index.php\/wp-json\/wp\/v2\/tags?post=9777"}],"curies":[{"name":"wp","href":"https:\/\/api.w.org\/{rel}","templated":true}]}}