{"id":3158,"date":"2025-12-30T15:22:59","date_gmt":"2025-12-30T08:22:59","guid":{"rendered":"https:\/\/bongda.4vcq.com\/index.php\/2025\/12\/30\/ngoi-sao-cua-werder-bremen-khuyen-cau-thu-doi-tuyen-nu-viet-nam-sang-my-thi-dau\/"},"modified":"2025-12-30T15:22:59","modified_gmt":"2025-12-30T08:22:59","slug":"ngoi-sao-cua-werder-bremen-khuyen-cau-thu-doi-tuyen-nu-viet-nam-sang-my-thi-dau","status":"publish","type":"post","link":"https:\/\/bongda.4vcq.com\/index.php\/2025\/12\/30\/ngoi-sao-cua-werder-bremen-khuyen-cau-thu-doi-tuyen-nu-viet-nam-sang-my-thi-dau\/","title":{"rendered":"Ng\u00f4i sao c\u1ee7a Werder Bremen khuy\u00ean c\u1ea7u th\u1ee7 \u0111\u1ed9i tuy\u1ec3n n\u1eef Vi\u1ec7t Nam sang M\u1ef9 thi \u0111\u1ea5u"},"content":{"rendered":"<p>Th\u1ec3 thao\/Qu\u1ed1c t\u1ebf<\/p>\n<p>                Chia s\u1ebb<br \/>\n                Th\u1ee9 n\u0103m, 15\/05\/2025 &#8211; 17:00Theo d\u00f5i B\u00e1o Qu\u00e2n \u0111\u1ed9i nh\u00e2n d\u00e2n tr\u00ean <\/p>\n<p>                Ng\u00f4i sao c\u1ee7a Werder Bremen khuy\u00ean c\u1ea7u th\u1ee7 \u0111\u1ed9i tuy\u1ec3n n\u1eef Vi\u1ec7t Nam sang M\u1ef9 thi \u0111\u1ea5u<\/p>\n<p>                C\u1ea7u th\u1ee7 Ricarda Walkling c\u1ee7a Werder Bremen (\u0110\u1ee9c) t\u1eebng c\u00f3 3 n\u0103m thi \u0111\u1ea5u t\u1ea1i M\u1ef9. C\u00f4 cho r\u1eb1ng \u0111\u00e2y l\u00e0 n\u1ec1n b\u00f3ng \u0111\u00e1 s\u1ebd gi\u00fap c\u1ea7u th\u1ee7 \u0111\u1ed9i tuy\u1ec3n n\u1eef Vi\u1ec7t Nam ph\u00e1t tri\u1ec3n t\u1ed1t.<\/p>\n<p>                Trong bu\u1ed5i h\u1ecdp b\u00e1o ng\u00e0y 15-5, tr\u01b0\u1edbc tr\u1eadn giao h\u1eefu v\u1edbi \u0111\u1ed9i tuy\u1ec3n n\u1eef Vi\u1ec7t Nam\u00a0v\u00e0 Werder Bremen, ti\u1ec1n v\u1ec7 Ricarda Walkling \u0111\u01b0a ra l\u1eddi khuy\u00ean t\u1edbi c\u00e1c \u0111\u1ed3ng nghi\u1ec7p Vi\u1ec7t Nam: &#8220;T\u00f4i tr\u01b0\u1edfng th\u00e0nh t\u1eeb l\u00f2 \u0111\u00e0o t\u1ea1o tr\u1ebb Bayern Munich, sau \u0111\u00f3 t\u00f4i th\u1ea5y m\u00ecnh c\u00f3 quy\u1ebft \u0111\u1ecbnh r\u1ea5t \u0111\u00fang \u0111\u1eafn khi sang M\u1ef9 thi \u0111\u1ea5u. Ti\u1ebfp \u0111\u00f3, t\u00f4i tr\u1edf v\u1ec1 \u0110\u1ee9c v\u00e0 kho\u00e1c \u00e1o Bremen. C\u0169ng ph\u1ea3i n\u00f3i th\u00eam r\u1eb1ng b\u00f3ng \u0111\u00e1 n\u1eef c\u00f3 thu nh\u1eadp kh\u00f4ng cao, nh\u01b0ng vi\u1ec7c trau d\u1ed3i, t\u00edch l\u0169y kinh nghi\u1ec7m thi \u0111\u1ea5u r\u1ea5t quan tr\u1ecdng. T\u00f4i ngh\u0129 c\u00e1c n\u1eef c\u1ea7u th\u1ee7 Vi\u1ec7t Nam c\u00f3 th\u1ec3 t\u00ecm c\u01a1 h\u1ed9i sang M\u1ef9. \u0110\u00f3 l\u00e0 m\u1ed9t m\u00f4i tr\u01b0\u1eddng r\u1ea5t t\u1ed1t \u0111\u1ec3 tr\u01b0\u1edfng th\u00e0nh, t\u1ef1 l\u1eadp h\u01a1n v\u00e0 ph\u00e1t tri\u1ec3n n\u0103ng l\u1ef1c chuy\u00ean m\u00f4n&#8221;.<\/p>\n<p> Hu\u1ea5n luy\u1ec7n vi\u00ean Mai \u0110\u1ee9c Chung v\u00e0 hu\u1ea5n luy\u1ec7n vi\u00ean\u00a0Thomas Horsch t\u1ea1i h\u1ecdp b\u00e1o.\u00a0\u00a0<br \/>\n Ricarda Walkling l\u00e0 m\u1ed9t trong 26 c\u1ea7u th\u1ee7 Werder Bremen sang H\u00e0 N\u1ed9i \u0111\u00e1 giao h\u1eefu v\u1edbi \u0111\u1ed9i tuy\u1ec3n n\u1eef Vi\u1ec7t Nam. Hu\u1ea5n luy\u1ec7n vi\u00ean tr\u01b0\u1edfng Thomas Horsch kh\u1eb3ng \u0111\u1ecbnh \u0111\u00e2y l\u00e0 tr\u1eadn \u0111\u1ea5u b\u1ed5 \u00edch, \u0111\u1ed3ng th\u1eddi \u0111\u00e1nh gi\u00e1 r\u1ea5t cao n\u0103ng l\u1ef1c c\u1ee7a \u0111\u1ed9i tuy\u1ec3n n\u1eef Vi\u1ec7t Nam (h\u1ea1ng 37 th\u1ebf gi\u1edbi). V\u00ec v\u1eady, l\u1ef1c l\u01b0\u1ee3ng m\u00e0 \u00f4ng l\u1ef1a ch\u1ecdn \u0111\u1ec1u l\u00e0 nh\u1eefng tr\u1ee5 c\u1ed9t c\u1ee7a Werder Bremen. C\u00e1i t\u00ean \u0111\u00e1ng ch\u00fa \u00fd nh\u1ea5t ph\u1ea3i k\u1ec3 \u0111\u1ebfn l\u00e0 Larissa Muhlhaus. Ti\u1ec1n \u0111\u1ea1o 22 tu\u1ed5i \u0111\u00e3 ghi 8 b\u00e0n cho Bremen \u1edf gi\u1ea3i \u0111\u1ea5u n\u0103m nay. N\u0103m ngo\u00e1i trong m\u00e0u \u00e1o Hamburg, Larissa M\u00fchlhaus ghi 22 b\u00e0n, gi\u00e0nh gi\u1ea3i \u201cVua ph\u00e1 l\u01b0\u1edbi\u201d gi\u1ea3i h\u1ea1ng 2 n\u1eef n\u01b0\u1edbc \u0110\u1ee9c.<br \/>\nNgo\u00e0i ra, \u0111\u1ed9i h\u00ecnh c\u1ee7a \u0111\u1ed9i n\u1eef Werder Bremen l\u00e0 Juliane Wirtz c\u0169ng c\u00f3 m\u1eb7t trong \u0111\u1ed9i h\u00ecnh n\u00e0y. C\u00f4 ch\u00ednh l\u00e0 ch\u1ecb g\u00e1i c\u1ee7a tuy\u1ec3n th\u1ee7 \u0110\u1ee9c &#8211; Florain Wirtz. \u0110\u00e2y ch\u00ednh l\u00e0 g\u01b0\u01a1ng m\u1eb7t gi\u00fap Leverkusen v\u00f4 \u0111\u1ecbch Bundesliga m\u00f9a 2024-2025. Juliane Wirtz thi \u0111\u1ea5u \u1edf v\u1ecb tr\u00ed ti\u1ec1n v\u1ec7, c\u00f3 19 l\u1ea7n ra s\u00e2n ch\u00ednh th\u1ee9c cho Werder Bremen v\u00e0 ghi \u0111\u01b0\u1ee3c 1 b\u00e0n th\u1eafng.<br \/>\n&#8220;Ch\u00fang t\u00f4i r\u1ea5t t\u1ef1 h\u00e0o khi \u0111\u01b0\u1ee3c c\u00f3 m\u1eb7t t\u1ea1i H\u00e0 N\u1ed9i \u0111\u1ec3 \u0111\u1ea1i di\u1ec7n cho b\u00f3ng \u0111\u00e1 \u0110\u1ee9c thi \u0111\u1ea5u giao h\u1eefu v\u1edbi tuy\u1ec3n n\u1eef Vi\u1ec7t Nam. C\u00e2u l\u1ea1c b\u1ed9 Werder Bremen v\u1eeba k\u1ebft th\u00fac m\u00f9a gi\u1ea3i t\u1ea1i Bundesliga v\u00e0o ch\u1ee7 nh\u1eadt tu\u1ea7n tr\u01b0\u1edbc. Th\u1eddi ti\u1ebft t\u1ea1i Vi\u1ec7t Nam r\u1ea5t kh\u00e1c so v\u1edbi \u0110\u1ee9c nh\u01b0ng ch\u00fang t\u00f4i \u0111ang r\u1ea5t h\u00e0o h\u1ee9ng v\u00e0 chu\u1ea9n b\u1ecb t\u1ed1t nh\u1ea5t cho tr\u1eadn \u0111\u1ea5u ng\u00e0y mai. T\u00f4i kh\u00f4ng bi\u1ebft qu\u00e1 nhi\u1ec1u v\u1ec1 tuy\u1ec3n Vi\u1ec7t Nam, tuy nhi\u00ean t\u00f4i \u0111\u00e3 t\u1eebng quan s\u00e1t \u0111\u1ed9i b\u00f3ng n\u00e0y khi \u0111\u00e1 giao h\u1eefu v\u1edbi c\u00e2u l\u1ea1c b\u1ed9 Leipzig \u1edf \u0110\u1ee9c. V\u1edbi Bremen, \u0111\u00e2y l\u00e0 c\u01a1 h\u1ed9i t\u1ed1t \u0111\u1ec3 \u0111\u1ed1i \u0111\u1ea7u v\u1edbi m\u1ed9t \u0111\u1ed1i th\u1ee7 c\u00f3 tr\u00ecnh \u0111\u1ed9 cao, b\u1edfi tuy\u1ec3n Vi\u1ec7t Nam t\u1eebng d\u1ef1 World Cup, t\u1eebng \u0111\u00e1 giao h\u1eefu v\u1edbi tuy\u1ec3n n\u1eef \u0110\u1ee9c, v\u00ec th\u1ebf t\u00f4i \u0111\u00e3 mang sang m\u1ed9t \u0111\u1ed9i h\u00ecnh m\u1ea1nh&#8221;, hu\u1ea5n luy\u1ec7n vi\u00ean Thomas Horsch c\u1ee7a Werder Bremen n\u00f3i.<br \/>\nV\u1ec1 ph\u00eda ch\u1ee7 nh\u00e0, \u0111\u00e1nh gi\u00e1 v\u1ec1 tr\u1eadn giao h\u1eefu v\u1edbi c\u00e2u l\u1ea1c b\u1ed9 Werder Bremen, hu\u1ea5n luy\u1ec7n vi\u00ean Mai \u0110\u1ee9c Chung cho bi\u1ebft: &#8220;\u0110\u00e2y l\u00e0 tr\u1eadn \u0111\u1ea5u r\u1ea5t b\u1ed5 \u00edch cho \u0111\u1ed9i tuy\u1ec3n n\u1eef Vi\u1ec7t Nam. Qua tr\u1eadn \u0111\u1ea5u n\u00e0y, \u0111\u1ed9i h\u1ecdc h\u1ecfi \u0111\u01b0\u1ee3c nhi\u1ec1u v\u1ec1 chuy\u00ean m\u00f4n c\u1ee7a \u0111\u1ed9i b\u1ea1n. Tr\u01b0\u1edbc \u0111\u00e2y ch\u00fang t\u00f4i t\u1eebng sang \u0110\u1ee9c t\u1eadp hu\u1ea5n v\u00e0 thi \u0111\u1ea5u, gi\u00fap c\u1ea7u th\u1ee7 m\u1edf mang \u0111\u01b0\u1ee3c nhi\u1ec1u v\u1ec1 chuy\u00ean m\u00f4n. V\u1ec1 m\u1ee5c ti\u00eau, \u0111\u1ed9i tuy\u1ec3n n\u1eef Vi\u1ec7t Nam h\u1ecdc h\u1ecfi l\u00e0 ch\u00ednh. Th\u1eddi gian qua \u0111\u1ed9i m\u1edbi t\u1eadp trung \u0111\u01b0\u1ee3c h\u01a1n m\u1ed9t tu\u1ea7n, v\u00ec th\u1ebf s\u1ef1 chu\u1ea9n b\u1ecb ch\u01b0a ho\u00e0n ch\u1ec9nh v\u00e0 thi\u1ebfu nhi\u1ec1u l\u1ef1c l\u01b0\u1ee3ng. Tr\u1eadn \u0111\u1ea5u n\u00e0y mang t\u00ednh ch\u1ea5t giao h\u1eefu qu\u1ed1c t\u1ebf, to\u00e0n \u0111\u1ed9i thi \u0111\u1ea5u v\u1edbi tinh th\u1ea7n quy\u1ebft t\u00e2m cao&#8221;.<br \/>\nTrong n\u0103m 2025, \u0111\u1ed9i tuy\u1ec3n n\u1eef Vi\u1ec7t Nam c\u00f3 nhi\u1ec7m v\u1ee5 quan tr\u1ecdng nh\u1ea5t l\u00e0 b\u1ea3o v\u1ec7 huy ch\u01b0\u01a1ng v\u00e0ng SEA Games. Hu\u1ea5n luy\u1ec7n vi\u00ean Mai \u0110\u1ee9c Chung chia s\u1ebb v\u1ec1 s\u1ef1 chu\u1ea9n b\u1ecb: \u201cC\u00f3 nhi\u1ec1u b\u1ea1n m\u1edbi l\u00ean tuy\u1ec3n th\u00f4i, c\u1ea7n th\u00eam th\u1eddi gian \u0111\u1ec3 l\u00e0m quen. V\u00ec th\u1ebf t\u00f4i c\u1ed1 g\u1eafng s\u1eafp x\u1ebfp h\u00e0i h\u00f2a gi\u1eefa nh\u1eefng nh\u00e2n t\u1ed1 c\u0169 v\u00e0 m\u1edbi c\u1ee7a \u0111\u1ed9i tuy\u1ec3n. Trong b\u00f3ng \u0111\u00e1 kh\u00f3 n\u00f3i tr\u01b0\u1edbc \u0111\u01b0\u1ee3c c\u00f3 th\u1ec3 t\u0103ng c\u01b0\u1eddng th\u00eam bao nhi\u00eau c\u1ea7u th\u1ee7 tr\u1ebb cho \u0111\u1ed9i tuy\u1ec3n. Quan tr\u1ecdng l\u00e0 c\u00e1c c\u1ea7u th\u1ee7 ph\u1ea3i n\u1ed7 l\u1ef1c \u0111\u1ec3 t\u00ecm c\u01a1 h\u1ed9i\u201d.<br \/>\nTr\u1eadn giao h\u1eefu gi\u1eefa tuy\u1ec3n n\u1eef Vi\u1ec7t Nam v\u00e0 c\u00e2u l\u1ea1c b\u1ed9 Werder Bremen di\u1ec5n ra v\u00e0o l\u00fac 19 gi\u1edd ng\u00e0y 16-5 tr\u00ean s\u00e2n v\u1eadn \u0111\u1ed9ng H\u00e0ng \u0110\u1eaby. \u0110\u00e2y l\u00e0 ho\u1ea1t \u0111\u1ed9ng nh\u1eb1m ch\u00e0o m\u1eebng k\u1ef7 ni\u1ec7m 50 n\u0103m thi\u1ebft l\u1eadp quan h\u1ec7 ngo\u1ea1i giao gi\u1eefa Vi\u1ec7t Nam v\u00e0 C\u1ed9ng h\u00f2a Li\u00ean bang \u0110\u1ee9c.\u00a0<br \/>\nTin, \u1ea3nh: VI\u1ec6T AN<br \/>\n* M\u1eddi b\u1ea1n \u0111\u1ecdc v\u00e0o chuy\u00ean m\u1ee5c Th\u1ec3 thao\u00a0xem c\u00e1c tin, b\u00e0i li\u00ean quan.<\/p>\n<p>            Hu\u1ea5n luy\u1ec7n vi\u00ean Mai \u0110\u1ee9c Chung mong g\u00ec trong ng\u00e0y \u0111\u1ed9i tuy\u1ec3n n\u1eef Vi\u1ec7t Nam t\u1eadp trung?Hu\u1ea5n luy\u1ec7n vi\u00ean Mai \u0110\u1ee9c Chung kh\u1eb3ng \u0111\u1ecbnh c\u1ea7u th\u1ee7 Vi\u1ec7t ki\u1ec1u l\u00e0 r\u1ea5t c\u1ea7n thi\u1ebft \u0111\u1ec3 \u0111\u1ed9i tuy\u1ec3n n\u1eef Vi\u1ec7t Nam n\u00e2ng c\u1ea5p s\u1ee9c m\u1ea1nh.\u0110\u1ed9i tuy\u1ec3n n\u1eef Vi\u1ec7t Nam thi \u0111\u1ea5u v\u1edbi c\u00e2u l\u1ea1c b\u1ed9 h\u00e0ng \u0111\u1ea7u n\u01b0\u1edbc \u0110\u1ee9cLi\u00ean \u0111o\u00e0n B\u00f3ng \u0111\u00e1 Vi\u1ec7t Nam ng\u00e0y 4-5 th\u00f4ng b\u00e1o, \u0111\u1ed9i tuy\u1ec3n n\u1eef Vi\u1ec7t Nam s\u1ebd thi \u0111\u1ea5u giao h\u1eefu v\u1edbi c\u00e2u l\u1ea1c b\u1ed9 Werder Bremen (\u0110\u1ee9c) v\u00e0o l\u00fac 18 gi\u1edd ng\u00e0y 16-5, t\u1ea1i H\u00e0 N\u1ed9i.<\/p>\n","protected":false},"excerpt":{"rendered":"<p>Th\u1ec3 thao\/Qu\u1ed1c t\u1ebf Chia s\u1ebb Th\u1ee9 n\u0103m, 15\/05\/2025 &#8211; 17:00Theo d\u00f5i B\u00e1o Qu\u00e2n \u0111\u1ed9i nh\u00e2n d\u00e2n tr\u00ean Ng\u00f4i sao c\u1ee7a Werder Bremen khuy\u00ean c\u1ea7u th\u1ee7 \u0111\u1ed9i tuy\u1ec3n n\u1eef Vi\u1ec7t Nam sang M\u1ef9 thi \u0111\u1ea5u C\u1ea7u th\u1ee7 Ricarda Walkling c\u1ee7a Werder Bremen (\u0110\u1ee9c) t\u1eebng c\u00f3 3 n\u0103m thi \u0111\u1ea5u t\u1ea1i M\u1ef9. C\u00f4 cho r\u1eb1ng \u0111\u00e2y l\u00e0 [&hellip;]<\/p>\n","protected":false},"author":1,"featured_media":3159,"comment_status":"open","ping_status":"closed","sticky":false,"template":"","format":"standard","meta":{"footnotes":""},"categories":[2],"tags":[1524],"class_list":["post-3158","post","type-post","status-publish","format-standard","has-post-thumbnail","hentry","category-quoc-te","tag-tu-khoa-doi-tuyen-nu-viet-nambong-da-nu-viet-namwerder-bremen"],"_links":{"self":[{"href":"https:\/\/bongda.4vcq.com\/index.php\/wp-json\/wp\/v2\/posts\/3158","targetHints":{"allow":["GET"]}}],"collection":[{"href":"https:\/\/bongda.4vcq.com\/index.php\/wp-json\/wp\/v2\/posts"}],"about":[{"href":"https:\/\/bongda.4vcq.com\/index.php\/wp-json\/wp\/v2\/types\/post"}],"author":[{"embeddable":true,"href":"https:\/\/bongda.4vcq.com\/index.php\/wp-json\/wp\/v2\/users\/1"}],"replies":[{"embeddable":true,"href":"https:\/\/bongda.4vcq.com\/index.php\/wp-json\/wp\/v2\/comments?post=3158"}],"version-history":[{"count":0,"href":"https:\/\/bongda.4vcq.com\/index.php\/wp-json\/wp\/v2\/posts\/3158\/revisions"}],"wp:featuredmedia":[{"embeddable":true,"href":"https:\/\/bongda.4vcq.com\/index.php\/wp-json\/wp\/v2\/media\/3159"}],"wp:attachment":[{"href":"https:\/\/bongda.4vcq.com\/index.php\/wp-json\/wp\/v2\/media?parent=3158"}],"wp:term":[{"taxonomy":"category","embeddable":true,"href":"https:\/\/bongda.4vcq.com\/index.php\/wp-json\/wp\/v2\/categories?post=3158"},{"taxonomy":"post_tag","embeddable":true,"href":"https:\/\/bongda.4vcq.com\/index.php\/wp-json\/wp\/v2\/tags?post=3158"}],"curies":[{"name":"wp","href":"https:\/\/api.w.org\/{rel}","templated":true}]}}